{"id":2754,"date":"2023-03-28T08:51:25","date_gmt":"2023-03-28T08:51:25","guid":{"rendered":"https:\/\/crespinteriorisme.com\/revista-im-opticas-the-perfect-sense\/"},"modified":"2023-03-28T09:26:32","modified_gmt":"2023-03-28T09:26:32","slug":"revista-im-opticas-the-perfect-sense","status":"publish","type":"post","link":"https:\/\/crespinteriorisme.com\/ca\/revista-im-opticas-the-perfect-sense\/","title":{"rendered":"Revista IM \u00d3pticas: The Perfect Sense"},"content":{"rendered":"<p style=\"text-align: center;\">IM \u00d3pticas n\u00fam. 8<\/p>\n<p style=\"text-align: center;\">Veure article: <em><a href=\"https:\/\/www.imopticas.es\/revista\/8\/58\/\" target=\"_blank\" rel=\"noopener\">The Perfect Sense: un centro con personalidad propia<\/a><\/em>.<\/p>\n<p style=\"text-align: center;\"><a href=\"http:\/\/crespinteriorisme.com\/wp-content\/uploads\/2023\/03\/Opticas-8p.pag-58.jpg\" target=\"_blank\" rel=\"noopener\"><img loading=\"lazy\" decoding=\"async\" class=\"aligncenter wp-image-2746\" src=\"http:\/\/crespinteriorisme.com\/wp-content\/uploads\/2023\/03\/Opticas-8p.pag-58-230x300.jpg\" alt=\"\" width=\"600\" height=\"783\" srcset=\"https:\/\/crespinteriorisme.com\/wp-content\/uploads\/2023\/03\/Opticas-8p.pag-58-230x300.jpg 230w, https:\/\/crespinteriorisme.com\/wp-content\/uploads\/2023\/03\/Opticas-8p.pag-58-785x1024.jpg 785w, https:\/\/crespinteriorisme.com\/wp-content\/uploads\/2023\/03\/Opticas-8p.pag-58-768x1002.jpg 768w, https:\/\/crespinteriorisme.com\/wp-content\/uploads\/2023\/03\/Opticas-8p.pag-58.jpg 1110w\" sizes=\"auto, (max-width: 600px) 100vw, 600px\" \/><\/a> <a href=\"http:\/\/crespinteriorisme.com\/wp-content\/uploads\/2023\/03\/Opticas-8p.pag-59.jpg\" target=\"_blank\" rel=\"noopener\"><img loading=\"lazy\" decoding=\"async\" class=\"aligncenter wp-image-2748\" src=\"http:\/\/crespinteriorisme.com\/wp-content\/uploads\/2023\/03\/Opticas-8p.pag-59-230x300.jpg\" alt=\"\" width=\"600\" height=\"783\" srcset=\"https:\/\/crespinteriorisme.com\/wp-content\/uploads\/2023\/03\/Opticas-8p.pag-59-230x300.jpg 230w, https:\/\/crespinteriorisme.com\/wp-content\/uploads\/2023\/03\/Opticas-8p.pag-59-785x1024.jpg 785w, https:\/\/crespinteriorisme.com\/wp-content\/uploads\/2023\/03\/Opticas-8p.pag-59-768x1002.jpg 768w, https:\/\/crespinteriorisme.com\/wp-content\/uploads\/2023\/03\/Opticas-8p.pag-59.jpg 1110w\" sizes=\"auto, (max-width: 600px) 100vw, 600px\" \/><\/a> <img loading=\"lazy\" decoding=\"async\" class=\"aligncenter wp-image-2750\" src=\"http:\/\/crespinteriorisme.com\/wp-content\/uploads\/2023\/03\/Opticas-8p.pag-60-230x300.jpg\" alt=\"\" width=\"600\" height=\"783\" srcset=\"https:\/\/crespinteriorisme.com\/wp-content\/uploads\/2023\/03\/Opticas-8p.pag-60-230x300.jpg 230w, https:\/\/crespinteriorisme.com\/wp-content\/uploads\/2023\/03\/Opticas-8p.pag-60-785x1024.jpg 785w, https:\/\/crespinteriorisme.com\/wp-content\/uploads\/2023\/03\/Opticas-8p.pag-60-768x1002.jpg 768w, https:\/\/crespinteriorisme.com\/wp-content\/uploads\/2023\/03\/Opticas-8p.pag-60.jpg 1110w\" sizes=\"auto, (max-width: 600px) 100vw, 600px\" \/><br \/>\nDescarregar revista <a href=\"https:\/\/www.imopticas.es\/revista\/8\/Opticas_8p.pdf\" target=\"_blank\" rel=\"noopener\">IM \u00d3ptica #8<\/a><\/p>\n","protected":false},"excerpt":{"rendered":"<p>IM \u00d3pticas n\u00fam. 8 Veure article: The Perfect Sense: un centro con personalidad propia. Descarregar revista IM \u00d3ptica #8<\/p>\n","protected":false},"author":1,"featured_media":0,"comment_status":"open","ping_status":"open","sticky":false,"template":"","format":"image","meta":{"_acf_changed":false,"footnotes":""},"categories":[1],"tags":[],"class_list":["post-2754","post","type-post","status-publish","format-image","hentry","category-general","post_format-post-format-image"],"acf":[],"_links":{"self":[{"href":"https:\/\/crespinteriorisme.com\/ca\/wp-json\/wp\/v2\/posts\/2754","targetHints":{"allow":["GET"]}}],"collection":[{"href":"https:\/\/crespinteriorisme.com\/ca\/wp-json\/wp\/v2\/posts"}],"about":[{"href":"https:\/\/crespinteriorisme.com\/ca\/wp-json\/wp\/v2\/types\/post"}],"author":[{"embeddable":true,"href":"https:\/\/crespinteriorisme.com\/ca\/wp-json\/wp\/v2\/users\/1"}],"replies":[{"embeddable":true,"href":"https:\/\/crespinteriorisme.com\/ca\/wp-json\/wp\/v2\/comments?post=2754"}],"version-history":[{"count":5,"href":"https:\/\/crespinteriorisme.com\/ca\/wp-json\/wp\/v2\/posts\/2754\/revisions"}],"predecessor-version":[{"id":2767,"href":"https:\/\/crespinteriorisme.com\/ca\/wp-json\/wp\/v2\/posts\/2754\/revisions\/2767"}],"wp:attachment":[{"href":"https:\/\/crespinteriorisme.com\/ca\/wp-json\/wp\/v2\/media?parent=2754"}],"wp:term":[{"taxonomy":"category","embeddable":true,"href":"https:\/\/crespinteriorisme.com\/ca\/wp-json\/wp\/v2\/categories?post=2754"},{"taxonomy":"post_tag","embeddable":true,"href":"https:\/\/crespinteriorisme.com\/ca\/wp-json\/wp\/v2\/tags?post=2754"}],"curies":[{"name":"wp","href":"https:\/\/api.w.org\/{rel}","templated":true}]}}