{"id":1580,"date":"2019-01-22T11:09:05","date_gmt":"2019-01-22T11:09:05","guid":{"rendered":"http:\/\/crespinteriorisme.com\/exponer-las-gafas-en-estantes-con-cierre-de-seguridad\/"},"modified":"2019-01-22T11:10:26","modified_gmt":"2019-01-22T11:10:26","slug":"exponer-las-gafas-en-estantes-con-cierre-de-seguridad","status":"publish","type":"post","link":"https:\/\/crespinteriorisme.com\/ca\/exponer-las-gafas-en-estantes-con-cierre-de-seguridad\/","title":{"rendered":"EXPOSAR LES ULLERES EN PRESTATGES AMB TANCA DE SEGURETAT"},"content":{"rendered":"<p>Acaba de sortir al mercat un producte que cobreix\u00a0 una demanda important que tenia pendent el sector \u00f2ptic, preveure la seguretat de furt en la exposici\u00f3 de las ulleres exposades en prestatges.<\/p>\n<p>Si be es cert que existeixen de fa temps suports \u00a0individuals per cobrir aquesta necessitat el funcionament del dia a dia d\u2019obrir els suports de un en un es molest, el producte del que parlem funciona amb comandament d\u2019infraroigs\u00a0 i obre lineals de dues a set ulleres.<\/p>\n<p>Te l\u2019avantatge que es col\u00b7loca directament sobre els prestatges existents, es una plataforma de 1 cm de gruix que porta els suports amb tanca per les ulleres i el pilot dels infraroigs.<\/p>\n<p>Els temps canvien r\u00e0pidament, les barres han estat l\u2019element clau\u00a0 e imprescindible per l\u2019exposici\u00f3 de les ulleres\u00a0 durant gaire b\u00e9 dues d\u00e8cades ara estan en des\u00fas, <strong>segueix sent el m\u00e8tode mes pr\u00e0ctic y funcional <\/strong>per\u00f2 les ulleres exposades en prestatges correctament il\u00b7luminats, ressalten molt millor, tenen un valor afegit i categoria superior.<\/p>\n<p>DIFERENTS APLICACIONS D\u2019UN SUPORT AMB TANCAMENT INDIVIDUAL MITJAN\u00c7ANT CLAU.<\/p>\n<p>El suport amb clau individual es una \u00f2ptica opci\u00f3 per exposar el producte amb\u00a0 valor afegit, ja sigui la marca, el disseny o be el cost.<\/p>\n<p>Existeixen varies versions del mateix suport per col\u00b7locar-lo en diferents ubicacions: panell de paret, prestatge, suport elevat o b\u00e9 sobre una barnilla lineal horitzontal.<\/p>\n<p>Aquest suport es excel\u00b7lent per una zona puntual de la botiga, per\u00f2 no es v\u00e0lid per col\u00b7locar totes les ulleres exposades, ja que es un m\u00e8tode lent e inc\u00f2mode pels venedors.<\/p>\n","protected":false},"excerpt":{"rendered":"<p>Acaba de sortir al mercat un producte que cobreix\u00a0 una demanda important que tenia pendent el sector \u00f2ptic, preveure la seguretat de furt en la exposici\u00f3 de las ulleres exposades en prestatges. Si be es cert que existeixen de fa temps suports \u00a0individuals per cobrir aquesta necessitat el funcionament del dia a dia d\u2019obrir els &hellip; <a href=\"https:\/\/crespinteriorisme.com\/ca\/exponer-las-gafas-en-estantes-con-cierre-de-seguridad\/\" class=\"more-link\">Continua la lectura de <span class=\"screen-reader-text\">EXPOSAR LES ULLERES EN PRESTATGES AMB TANCA DE SEGURETAT<\/span> <span class=\"meta-nav\">&rarr;<\/span><\/a><\/p>\n","protected":false},"author":1,"featured_media":0,"comment_status":"open","ping_status":"open","sticky":false,"template":"","format":"standard","meta":{"_acf_changed":false,"footnotes":""},"categories":[1],"tags":[],"class_list":["post-1580","post","type-post","status-publish","format-standard","hentry","category-general"],"acf":[],"_links":{"self":[{"href":"https:\/\/crespinteriorisme.com\/ca\/wp-json\/wp\/v2\/posts\/1580","targetHints":{"allow":["GET"]}}],"collection":[{"href":"https:\/\/crespinteriorisme.com\/ca\/wp-json\/wp\/v2\/posts"}],"about":[{"href":"https:\/\/crespinteriorisme.com\/ca\/wp-json\/wp\/v2\/types\/post"}],"author":[{"embeddable":true,"href":"https:\/\/crespinteriorisme.com\/ca\/wp-json\/wp\/v2\/users\/1"}],"replies":[{"embeddable":true,"href":"https:\/\/crespinteriorisme.com\/ca\/wp-json\/wp\/v2\/comments?post=1580"}],"version-history":[{"count":1,"href":"https:\/\/crespinteriorisme.com\/ca\/wp-json\/wp\/v2\/posts\/1580\/revisions"}],"predecessor-version":[{"id":1581,"href":"https:\/\/crespinteriorisme.com\/ca\/wp-json\/wp\/v2\/posts\/1580\/revisions\/1581"}],"wp:attachment":[{"href":"https:\/\/crespinteriorisme.com\/ca\/wp-json\/wp\/v2\/media?parent=1580"}],"wp:term":[{"taxonomy":"category","embeddable":true,"href":"https:\/\/crespinteriorisme.com\/ca\/wp-json\/wp\/v2\/categories?post=1580"},{"taxonomy":"post_tag","embeddable":true,"href":"https:\/\/crespinteriorisme.com\/ca\/wp-json\/wp\/v2\/tags?post=1580"}],"curies":[{"name":"wp","href":"https:\/\/api.w.org\/{rel}","templated":true}]}}