{"id":1254,"date":"2016-12-15T16:43:35","date_gmt":"2016-12-15T16:43:35","guid":{"rendered":"http:\/\/crespinteriorisme.com\/ca\/una-app-para-que-los-trabajadores-de-la-construccion-aprendan-a-rehabilitar-edificios\/"},"modified":"2017-10-31T10:26:40","modified_gmt":"2017-10-31T10:26:40","slug":"una-app-per-a-que-els-treballadors-de-la-construccio-aprenguin-a-rehabilitar-edificis","status":"publish","type":"post","link":"https:\/\/crespinteriorisme.com\/ca\/una-app-per-a-que-els-treballadors-de-la-construccio-aprenguin-a-rehabilitar-edificis\/","title":{"rendered":"Una app per a qu\u00e8 els treballadors de la construcci\u00f3 aprenguin a rehabilitar edificis"},"content":{"rendered":"<p>Els aven\u00e7os tecnol\u00f2gics se segueixen succe\u00efnt en el mon de la construcci\u00f3. La rehabilitaci\u00f3 d\u2019habitatges arribar\u00e0 a convertir-se en un dels pilars del mercat immobiliari en els propers anys. Aix\u00f2 es deu al fet que a Espanya hi ha 13 milions d\u2019habitatges de m\u00e9s de 30 anys, per la qual cosa el Govern com les principals empreses saben que s\u2019hauran de reacondicionar edificis antics.<\/p>\n<p>L\u2019inconvenient \u00e9s que nom\u00e9s el 30% dels treballadors de la construcci\u00f3 afirmen haver rebut una formaci\u00f3 per adaptar-se a aquesta novetat. Nom\u00e9s un de cada tres operaris t\u00e9 la qualificaci\u00f3 per rehabilitar edificis. \u00c9s per aix\u00f2 que, amb l\u2019objectiu de comptar amb suficient m\u00e0 d\u2019obra qualificada en efici\u00e8ncia energ\u00e8tica i energies renovables, la Fundaci\u00f3 Laboral de la Construcci\u00f3 ha creat i llan\u00e7at l\u2019app \u201cConstruye 2020\u201d, disponible de forma gratu\u00efta tant per Android com per iOS, amb la que difondr\u00e0 els coneixements necessaris per a la rehabilitaci\u00f3 d\u2019edificis.<\/p>\n<p>L\u2019app ensenya a trav\u00e9s de diferents exercicis tipus \u201cdrag and drop\u201d (arrossegar i deixar), navegaci\u00f3 interactiva, animacions i simulacions, les solucions adequades i pr\u00e0ctiques per a dur a terme aquest tipus de construccions.<\/p>\n","protected":false},"excerpt":{"rendered":"<p>Els aven\u00e7os tecnol\u00f2gics se segueixen succe\u00efnt en el mon de la construcci\u00f3. La rehabilitaci\u00f3 d\u2019habitatges arribar\u00e0 a convertir-se en un dels pilars del mercat immobiliari en els propers anys. Aix\u00f2 es deu al fet que a Espanya hi ha 13 milions d\u2019habitatges de m\u00e9s de 30 anys, per la qual cosa el Govern com les &hellip; <a href=\"https:\/\/crespinteriorisme.com\/ca\/una-app-per-a-que-els-treballadors-de-la-construccio-aprenguin-a-rehabilitar-edificis\/\" class=\"more-link\">Continua la lectura de <span class=\"screen-reader-text\">Una app per a qu\u00e8 els treballadors de la construcci\u00f3 aprenguin a rehabilitar edificis<\/span> <span class=\"meta-nav\">&rarr;<\/span><\/a><\/p>\n","protected":false},"author":1,"featured_media":0,"comment_status":"open","ping_status":"open","sticky":false,"template":"","format":"standard","meta":{"_acf_changed":false,"footnotes":""},"categories":[1],"tags":[],"class_list":["post-1254","post","type-post","status-publish","format-standard","hentry","category-general"],"acf":[],"_links":{"self":[{"href":"https:\/\/crespinteriorisme.com\/ca\/wp-json\/wp\/v2\/posts\/1254","targetHints":{"allow":["GET"]}}],"collection":[{"href":"https:\/\/crespinteriorisme.com\/ca\/wp-json\/wp\/v2\/posts"}],"about":[{"href":"https:\/\/crespinteriorisme.com\/ca\/wp-json\/wp\/v2\/types\/post"}],"author":[{"embeddable":true,"href":"https:\/\/crespinteriorisme.com\/ca\/wp-json\/wp\/v2\/users\/1"}],"replies":[{"embeddable":true,"href":"https:\/\/crespinteriorisme.com\/ca\/wp-json\/wp\/v2\/comments?post=1254"}],"version-history":[{"count":1,"href":"https:\/\/crespinteriorisme.com\/ca\/wp-json\/wp\/v2\/posts\/1254\/revisions"}],"predecessor-version":[{"id":1293,"href":"https:\/\/crespinteriorisme.com\/ca\/wp-json\/wp\/v2\/posts\/1254\/revisions\/1293"}],"wp:attachment":[{"href":"https:\/\/crespinteriorisme.com\/ca\/wp-json\/wp\/v2\/media?parent=1254"}],"wp:term":[{"taxonomy":"category","embeddable":true,"href":"https:\/\/crespinteriorisme.com\/ca\/wp-json\/wp\/v2\/categories?post=1254"},{"taxonomy":"post_tag","embeddable":true,"href":"https:\/\/crespinteriorisme.com\/ca\/wp-json\/wp\/v2\/tags?post=1254"}],"curies":[{"name":"wp","href":"https:\/\/api.w.org\/{rel}","templated":true}]}}